{"id":1289,"date":"2018-01-09T15:42:52","date_gmt":"2018-01-09T15:42:52","guid":{"rendered":"http:\/\/www.vatado.org\/?p=1289"},"modified":"2018-01-09T15:43:49","modified_gmt":"2018-01-09T15:43:49","slug":"uusi-harjoittelukausi-kayntiin","status":"publish","type":"post","link":"https:\/\/www.vatado.org\/?p=1289","title":{"rendered":"Uusi harjoittelukausi k\u00e4yntiin!"},"content":{"rendered":"<div class=\"page-restrict-output\"><h6>Vatado starttasi kev\u00e4t-kauden eilen, maanantaina 8.1.2018, 15 innokkaan harrastajan voimin. Harjoitukset olivat suunniteltu ajatuksella &#8220;v\u00e4h\u00e4n kaikkea&#8221;, eli k\u00e4vimme l\u00e4vitse Taekwondolle tyypillisi\u00e4 juttuja, ja muistuteltiin mieliin mit\u00e4 kaikkea t\u00e4m\u00e4 laji pit\u00e4\u00e4k\u00e4\u00e4n sis\u00e4ll\u00e4\u00e4n.<\/h6>\n<h6>Tulevana kautena harjoituksia on taas tutusti maanantaisin, keskiviikkoisin ja perjantaisin. Maanantait on edelleen pyhitetty vy\u00f6koetekniikoille, keskiviikot ottelutekniikoille, ja perjantaisin on itsepuolustusta.<\/h6>\n<h6>Seuraava peruskurssimme starttaa tulevana maanantaina 15.1. klo:19.00, jolloin k\u00e4yd\u00e4\u00e4n l\u00e4vitse lajille tyypillisi\u00e4 juttuja ja asioita. Tutustutaan lajiin. Ensimm\u00e4isen viikon keskiviikkona (17.1.) poikkeuksellisesti my\u00f6s peruskurssilaisilla on harjoitukset, joten silloin ei perinteisi\u00e4 otteluharjoituksia j\u00e4rjestet\u00e4.<\/h6>\n<h6>Lis\u00e4tietoja aikataulutuksesta, harjoittelusta ja seurasta ylip\u00e4\u00e4ns\u00e4 saa ohjaajiltamme.<\/h6>\n<h6 style=\"text-align: center;\">Tehd\u00e4\u00e4n yhdess\u00e4 vuodesta 2018 Taekwondon vuosi!!<\/h6>\n<p style=\"text-align: center;\"><a href=\"http:\/\/www.vatado.org\/wp-content\/uploads\/2018\/01\/kevataloitus2018.jpg\"><img loading=\"lazy\" decoding=\"async\" class=\"aligncenter size-full wp-image-1290\" alt=\"kevataloitus2018\" src=\"http:\/\/www.vatado.org\/wp-content\/uploads\/2018\/01\/kevataloitus2018.jpg\" width=\"960\" height=\"720\" srcset=\"https:\/\/www.vatado.org\/wp-content\/uploads\/2018\/01\/kevataloitus2018.jpg 960w, https:\/\/www.vatado.org\/wp-content\/uploads\/2018\/01\/kevataloitus2018-300x225.jpg 300w\" sizes=\"(max-width: 960px) 100vw, 960px\" \/><\/a><\/p>\n<\/div>","protected":false},"excerpt":{"rendered":"<div class=\"page-restrict-output\"><p>Vatado starttasi kev\u00e4t-kauden eilen, maanantaina 8.1.2018, 15 innokkaan harrastajan voimin. Harjoitukset olivat suunniteltu ajatuksella &#8220;v\u00e4h\u00e4n kaikkea&#8221;, eli k\u00e4vimme l\u00e4vitse Taekwondolle tyypillisi\u00e4 juttuja, ja muistuteltiin mieliin mit\u00e4 kaikkea t\u00e4m\u00e4 laji pit\u00e4\u00e4k\u00e4\u00e4n sis\u00e4ll\u00e4\u00e4n. Tulevana kautena harjoituksia on taas tutusti maanantaisin, keskiviikkoisin ja perjantaisin. Maanantait on edelleen pyhitetty vy\u00f6koetekniikoille, keskiviikot ottelutekniikoille, ja perjantaisin on itsepuolustusta. Seuraava peruskurssimme starttaa [&hellip;]<\/p>\n<\/div>","protected":false},"author":11,"featured_media":0,"comment_status":"open","ping_status":"closed","sticky":false,"template":"","format":"standard","meta":{"saved_in_kubio":false,"ngg_post_thumbnail":0,"footnotes":""},"categories":[4],"tags":[],"class_list":["post-1289","post","type-post","status-publish","format-standard","hentry","category-seuratied"],"_links":{"self":[{"href":"https:\/\/www.vatado.org\/index.php?rest_route=\/wp\/v2\/posts\/1289","targetHints":{"allow":["GET"]}}],"collection":[{"href":"https:\/\/www.vatado.org\/index.php?rest_route=\/wp\/v2\/posts"}],"about":[{"href":"https:\/\/www.vatado.org\/index.php?rest_route=\/wp\/v2\/types\/post"}],"author":[{"embeddable":true,"href":"https:\/\/www.vatado.org\/index.php?rest_route=\/wp\/v2\/users\/11"}],"replies":[{"embeddable":true,"href":"https:\/\/www.vatado.org\/index.php?rest_route=%2Fwp%2Fv2%2Fcomments&post=1289"}],"version-history":[{"count":4,"href":"https:\/\/www.vatado.org\/index.php?rest_route=\/wp\/v2\/posts\/1289\/revisions"}],"predecessor-version":[{"id":1293,"href":"https:\/\/www.vatado.org\/index.php?rest_route=\/wp\/v2\/posts\/1289\/revisions\/1293"}],"wp:attachment":[{"href":"https:\/\/www.vatado.org\/index.php?rest_route=%2Fwp%2Fv2%2Fmedia&parent=1289"}],"wp:term":[{"taxonomy":"category","embeddable":true,"href":"https:\/\/www.vatado.org\/index.php?rest_route=%2Fwp%2Fv2%2Fcategories&post=1289"},{"taxonomy":"post_tag","embeddable":true,"href":"https:\/\/www.vatado.org\/index.php?rest_route=%2Fwp%2Fv2%2Ftags&post=1289"}],"curies":[{"name":"wp","href":"https:\/\/api.w.org\/{rel}","templated":true}]}}