{"id":1301,"date":"2018-02-15T07:49:02","date_gmt":"2018-02-15T07:49:02","guid":{"rendered":"http:\/\/www.vatado.org\/?p=1301"},"modified":"2018-02-15T07:49:02","modified_gmt":"2018-02-15T07:49:02","slug":"kevaan-harjoittelukausi","status":"publish","type":"post","link":"https:\/\/www.vatado.org\/?p=1301","title":{"rendered":"Kev\u00e4\u00e4n harjoittelukausi"},"content":{"rendered":"<div class=\"page-restrict-output\"><h5>Kev\u00e4\u00e4n harjoittelukausi etenee seuraavasti;<\/h5>\n<h6>Vatado ei pid\u00e4 hiihtolomataukoa tulevien viikkojen aikana, vaan treenaamme normaalisti maanantaisin, keskiviikkoisin ja perjantaisin. Kev\u00e4\u00e4n viimeiset harjoitukset Vantaankosken koululla on keskiviikkona 23.5., jonka j\u00e4lkeen pyrimme jatkamaan kev\u00e4tkautta viel\u00e4 toisessa paikassa. T\u00e4st\u00e4 tulee kuitenkin informaatiota viel\u00e4 l\u00e4hemp\u00e4n\u00e4 kev\u00e4\u00e4n p\u00e4\u00e4t\u00f6st\u00e4, miss\u00e4 ja milloin jatkotreenit j\u00e4rjestet\u00e4\u00e4n.<\/h6>\n<h6>Kev\u00e4\u00e4n poikkeukselliset treeniajat ovat pitk\u00e4n\u00e4perjantaina (PE 30.3.), 2.p\u00e4\u00e4si\u00e4isp\u00e4iv\u00e4n\u00e4 (MA 2.4.) ja vappuna (MA 30.4.), jolloin harjoituksia ei j\u00e4rjestet\u00e4.<\/h6>\n<h6>Alempien v\u00f6iden vy\u00f6kokeet j\u00e4rjestet\u00e4\u00e4n peruskurssin p\u00e4\u00e4ttymisen aikaan toukokuussa, erikseen sovittavana ajankohtana. P\u00e4iv\u00e4 tulee olemaan maanantai, ja vy\u00f6kokeet j\u00e4rjestet\u00e4\u00e4n normaalien harjoitusten aikataulun mukaisesti, eli klo:19.00-21.00. Tarkkaa p\u00e4iv\u00e4\u00e4 ei ole kuitenkaan viel\u00e4 sovittu, siit\u00e4 informoidaan tarkemmin my\u00f6hemmin.<\/h6>\n<\/div>","protected":false},"excerpt":{"rendered":"<div class=\"page-restrict-output\"><p>Kev\u00e4\u00e4n harjoittelukausi etenee seuraavasti; Vatado ei pid\u00e4 hiihtolomataukoa tulevien viikkojen aikana, vaan treenaamme normaalisti maanantaisin, keskiviikkoisin ja perjantaisin. Kev\u00e4\u00e4n viimeiset harjoitukset Vantaankosken koululla on keskiviikkona 23.5., jonka j\u00e4lkeen pyrimme jatkamaan kev\u00e4tkautta viel\u00e4 toisessa paikassa. T\u00e4st\u00e4 tulee kuitenkin informaatiota viel\u00e4 l\u00e4hemp\u00e4n\u00e4 kev\u00e4\u00e4n p\u00e4\u00e4t\u00f6st\u00e4, miss\u00e4 ja milloin jatkotreenit j\u00e4rjestet\u00e4\u00e4n. Kev\u00e4\u00e4n poikkeukselliset treeniajat ovat pitk\u00e4n\u00e4perjantaina (PE 30.3.), 2.p\u00e4\u00e4si\u00e4isp\u00e4iv\u00e4n\u00e4 [&hellip;]<\/p>\n<\/div>","protected":false},"author":11,"featured_media":0,"comment_status":"open","ping_status":"closed","sticky":false,"template":"","format":"standard","meta":{"saved_in_kubio":false,"ngg_post_thumbnail":0,"footnotes":""},"categories":[4],"tags":[],"class_list":["post-1301","post","type-post","status-publish","format-standard","hentry","category-seuratied"],"_links":{"self":[{"href":"https:\/\/www.vatado.org\/index.php?rest_route=\/wp\/v2\/posts\/1301","targetHints":{"allow":["GET"]}}],"collection":[{"href":"https:\/\/www.vatado.org\/index.php?rest_route=\/wp\/v2\/posts"}],"about":[{"href":"https:\/\/www.vatado.org\/index.php?rest_route=\/wp\/v2\/types\/post"}],"author":[{"embeddable":true,"href":"https:\/\/www.vatado.org\/index.php?rest_route=\/wp\/v2\/users\/11"}],"replies":[{"embeddable":true,"href":"https:\/\/www.vatado.org\/index.php?rest_route=%2Fwp%2Fv2%2Fcomments&post=1301"}],"version-history":[{"count":4,"href":"https:\/\/www.vatado.org\/index.php?rest_route=\/wp\/v2\/posts\/1301\/revisions"}],"predecessor-version":[{"id":1305,"href":"https:\/\/www.vatado.org\/index.php?rest_route=\/wp\/v2\/posts\/1301\/revisions\/1305"}],"wp:attachment":[{"href":"https:\/\/www.vatado.org\/index.php?rest_route=%2Fwp%2Fv2%2Fmedia&parent=1301"}],"wp:term":[{"taxonomy":"category","embeddable":true,"href":"https:\/\/www.vatado.org\/index.php?rest_route=%2Fwp%2Fv2%2Fcategories&post=1301"},{"taxonomy":"post_tag","embeddable":true,"href":"https:\/\/www.vatado.org\/index.php?rest_route=%2Fwp%2Fv2%2Ftags&post=1301"}],"curies":[{"name":"wp","href":"https:\/\/api.w.org\/{rel}","templated":true}]}}