{"id":1569,"date":"2019-07-17T10:30:03","date_gmt":"2019-07-17T10:30:03","guid":{"rendered":"http:\/\/www.vatado.org\/?p=1569"},"modified":"2019-07-17T10:49:53","modified_gmt":"2019-07-17T10:49:53","slug":"hallituksen-kokous-72019","status":"publish","type":"post","link":"https:\/\/www.vatado.org\/?p=1569","title":{"rendered":"Hallituksen kokous 7\/2019"},"content":{"rendered":"<div class=\"page-restrict-output\"><h6>Vatado ry:n hallitus kokoontui eilen, tiistaina 16.7.2019, pohtimaan tulevaa syyskautta, ja my\u00f6s tulevaa vuotta ylip\u00e4\u00e4ns\u00e4. Asialistalle oli kertynyt asioita paljon, mutta p\u00e4\u00e4t\u00f6ksi\u00e4 saatiin tehty\u00e4 hyv\u00e4ss\u00e4 yhteisymm\u00e4rryksess\u00e4, joten odotettavissa onkin, ett\u00e4 syyskausi p\u00e4\u00e4st\u00e4\u00e4n aloittamaan heti t\u00e4ysill\u00e4 ilman suurempia ihmettelyj\u00e4 kauden tavoitteista.<\/h6>\n<h6>Ohessa osa p\u00e4\u00e4t\u00f6ksist\u00e4 p\u00e4hkin\u00e4nkuoressa;<\/h6>\n<p>&#8211; Tuleva syyskausi starttaa maanantaina 12.8.2019 Varian ammattiopiston liikuntasalissa klo: 18.00. Maanantain treenit ovat j\u00e4lkeen kaksituntiset, joista peruskurssi on mukana omassa ryhm\u00e4ss\u00e4\u00e4n ensimm\u00e4iset 1.5h, jonka j\u00e4lkeen yleisryhm\u00e4 (viikosta riippuen pelk\u00e4t sini-puna-mustat) ottavat koko salin haltuunsa omia juttujaan varten.<\/p>\n<p>&#8211; Peruskurssin startti on maanantaina 2.9.2019 klo: 18.00 samaisella Varian ammattiopistolla. Tulevan kurssin aikatauluihin tehtiin pieni poikkeus aikaisempiin vuosiin n\u00e4hden, ja treenej\u00e4 on kurssilla tulevaisuudessa maanantaisin ja keskiviikkoisin, entisen perjantain treenin sijaan.<\/p>\n<p>&#8211; Treenien sis\u00e4lt\u00f6\u00e4 tullaan muuttamaan yleispuolella tulevalle kaudelle hiukan. Keskiviikolta tutut ottelutekniikka ja potkutreenit tullaan siirt\u00e4m\u00e4\u00e4n maanantaille, ja perustekniikkatreenit vastaavasti keskiviikolle. Perjantaisin on j\u00e4lleen luvassa yleis- ja itsepuolustustreenit. T\u00e4t\u00e4 muutosta ei ole viel\u00e4 kuitenkaan viel\u00e4 t\u00e4ysin ly\u00f6ty lukkoon, joten se voi palata viel\u00e4 alkuper\u00e4iseen. Katsotaan, miten homma toimii sitten k\u00e4yt\u00e4nn\u00f6ss\u00e4.<\/p>\n<p>&#8211; Treenien vetovastuukaavake tulee taas tulevalle kaudelle k\u00e4ytt\u00f6\u00f6n. Ns. ylempi\u00e4 v\u00f6it\u00e4 on seurassamme melkein kymmenen, joten jokaiselle heist\u00e4 tulee treenin veto noin kerran kolmeen viikkoon. Muutamia poikkeuksia lukuunottamatta. Ohjaajat &amp; hallitus huolehtivat, ett\u00e4 ohjaajat ja illan ohjelma on aina selvill\u00e4 ennen treenien aloitusta &#8211; kuin my\u00f6s se, ett\u00e4 ohjelmat nivoutuvat yhteen toisiin treeneihin, vaikka ohjaaja vaihtuisikin.<\/p>\n<p>&#8211; Tavoitteena on ottaa L\u00e4nsi-Vantaan lis\u00e4ksi my\u00f6s Keski-Vantaa haltuun. Markkinointia tullaan lis\u00e4\u00e4m\u00e4\u00e4n Aviapoliksen, Pakkalan, Tammiston ja Koivuhaan alueilla sek\u00e4 niiden ymp\u00e4rist\u00f6iss\u00e4. Markkinointiin on budjetoitu astetta enemm\u00e4n rahaa tulevalle syksylle, kuin mit\u00e4 oli viime vuonna.<\/p>\n<p>&#8211; Tulemme edist\u00e4m\u00e4\u00e4n kisaryhmi\u00e4 aiempia vuosia enemm\u00e4n. Vuoden 2017 j\u00e4lkeen kilpailukartalle on tullut Vatadon kokoinen pieni kupru, joka aiotaan tulevalle kaudelle paikata. Kilpailuryhmi\u00e4 aiotaan perustaa niin poomsae- kuin ottelupuolellekin, ja heid\u00e4n harjoitusohjelmaansa tehd\u00e4\u00e4n muutos aina 2 viikkoa ennen kilpailun ajankohtaan. Ryhm\u00e4ss\u00e4 keskityt\u00e4\u00e4n viimeiset 14vrk ainoastaan viimeisen kisakunnon l\u00f6yt\u00e4miseen, ja tekniikan hiomiseen. Syksyn ensimm\u00e4inen tulikaste on Porvoo Open lokakuun 12.p\u00e4iv\u00e4n\u00e4.<\/p>\n<p>&#8211; Joulun aikaan Vatado pit\u00e4\u00e4 pienen tauon, mutta edellisvuosia pienemm\u00e4n. Treenej\u00e4 jatketaan jouluun asti siten, ett\u00e4 viimeiset treenit ovat pe 20.12., kuitenkaan tuota edelt\u00e4v\u00e4n\u00e4 keskiviikkona 18.12. ei ole treenej\u00e4 koulun oman k\u00e4yt\u00f6n vuoksi. Joulutauon aikaan on mahdollisuus osallistua my\u00f6s kinkunsulatustreeneihin pe 27.12., sek\u00e4 pe 3.1. Virallinen kev\u00e4tkauden avaus tapahtuu ke 8.1.2020.<\/p>\n<p>&#8211; Seuran kassa n\u00e4ytt\u00e4\u00e4 vuoden aikaan n\u00e4hden hyv\u00e4lt\u00e4. Tulemme hankkimaan tulevalle kaudelle lis\u00e4\u00e4 pistereita, isoja patjoja, ja panssari &amp; kyp\u00e4r\u00e4 inventaarion j\u00e4lkeen tehd\u00e4\u00e4n p\u00e4\u00e4t\u00f6s my\u00f6s niiden lis\u00e4hankinnoista. Tarkoituksenamme olisi kuitenkin kasvattaa varusteiden m\u00e4\u00e4r\u00e4\u00e4 siten, ett\u00e4 voimme pit\u00e4\u00e4 jokaisessa treeniss\u00e4 (3 eri toimipistett\u00e4) sellaiset treenit kuin haluamme, varusteista v\u00e4litt\u00e4m\u00e4tt\u00e4 tai niit\u00e4 erikseen kantamatta. Poislukien panssarit &amp; kyp\u00e4r\u00e4t, jotka kaikki pidet\u00e4\u00e4n samassa paikassa, Varian ammattiopistolla.<\/p>\n<p>&#8211; Vahvistettiin harrastemaksujen suuruus. Peruskurssin maksu 80e sis\u00e4lt\u00e4en harjoitukset kauden loppuun asti (31.12. \/ 31.5.). Lis\u00e4ksi peruskurssin lopuksi vy\u00f6koe 40e sis. taekwondopassin, sek\u00e4 uuden vy\u00f6n. Harrastepuolella kausimaksu on 100e \/ puolivuotta (1.8.-31.12. \/ 1.1.-31.5.). Kes\u00e4maksut (1.6.-31.7.) ilmaiset kev\u00e4\u00e4n maksun maksaneille. Vy\u00f6kokeet maksavat 25\/30 euroa, riippuen onko kyseess\u00e4 natsakoe vai uuden vy\u00f6n saavuttaminen. Dan-kokeet yhteisty\u00f6ss\u00e4 muiden seurojen kanssa. Hinnoittelu dan-kokeen j\u00e4rjest\u00e4v\u00e4n seuran hinnaston mukaisesti, alkaen 100e.<\/p>\n<\/div>","protected":false},"excerpt":{"rendered":"<div class=\"page-restrict-output\"><p>Vatado ry:n hallitus kokoontui eilen, tiistaina 16.7.2019, pohtimaan tulevaa syyskautta, ja my\u00f6s tulevaa vuotta ylip\u00e4\u00e4ns\u00e4. Asialistalle oli kertynyt asioita paljon, mutta p\u00e4\u00e4t\u00f6ksi\u00e4 saatiin tehty\u00e4 hyv\u00e4ss\u00e4 yhteisymm\u00e4rryksess\u00e4, joten odotettavissa onkin, ett\u00e4 syyskausi p\u00e4\u00e4st\u00e4\u00e4n aloittamaan heti t\u00e4ysill\u00e4 ilman suurempia ihmettelyj\u00e4 kauden tavoitteista. Ohessa osa p\u00e4\u00e4t\u00f6ksist\u00e4 p\u00e4hkin\u00e4nkuoressa; &#8211; Tuleva syyskausi starttaa maanantaina 12.8.2019 Varian ammattiopiston liikuntasalissa klo: 18.00. [&hellip;]<\/p>\n<\/div>","protected":false},"author":11,"featured_media":0,"comment_status":"closed","ping_status":"closed","sticky":false,"template":"","format":"standard","meta":{"saved_in_kubio":false,"ngg_post_thumbnail":0,"footnotes":""},"categories":[4],"tags":[],"class_list":["post-1569","post","type-post","status-publish","format-standard","hentry","category-seuratied"],"_links":{"self":[{"href":"https:\/\/www.vatado.org\/index.php?rest_route=\/wp\/v2\/posts\/1569","targetHints":{"allow":["GET"]}}],"collection":[{"href":"https:\/\/www.vatado.org\/index.php?rest_route=\/wp\/v2\/posts"}],"about":[{"href":"https:\/\/www.vatado.org\/index.php?rest_route=\/wp\/v2\/types\/post"}],"author":[{"embeddable":true,"href":"https:\/\/www.vatado.org\/index.php?rest_route=\/wp\/v2\/users\/11"}],"replies":[{"embeddable":true,"href":"https:\/\/www.vatado.org\/index.php?rest_route=%2Fwp%2Fv2%2Fcomments&post=1569"}],"version-history":[{"count":27,"href":"https:\/\/www.vatado.org\/index.php?rest_route=\/wp\/v2\/posts\/1569\/revisions"}],"predecessor-version":[{"id":1596,"href":"https:\/\/www.vatado.org\/index.php?rest_route=\/wp\/v2\/posts\/1569\/revisions\/1596"}],"wp:attachment":[{"href":"https:\/\/www.vatado.org\/index.php?rest_route=%2Fwp%2Fv2%2Fmedia&parent=1569"}],"wp:term":[{"taxonomy":"category","embeddable":true,"href":"https:\/\/www.vatado.org\/index.php?rest_route=%2Fwp%2Fv2%2Fcategories&post=1569"},{"taxonomy":"post_tag","embeddable":true,"href":"https:\/\/www.vatado.org\/index.php?rest_route=%2Fwp%2Fv2%2Ftags&post=1569"}],"curies":[{"name":"wp","href":"https:\/\/api.w.org\/{rel}","templated":true}]}}