{"id":1850,"date":"2020-11-20T14:00:31","date_gmt":"2020-11-20T14:00:31","guid":{"rendered":"http:\/\/www.vatado.org\/?p=1850"},"modified":"2020-11-20T14:02:14","modified_gmt":"2020-11-20T14:02:14","slug":"vatado-jattaytyy-3-viikon-treenitauolle-koronan-vuoksi","status":"publish","type":"post","link":"https:\/\/www.vatado.org\/?p=1850","title":{"rendered":"Vatado j\u00e4tt\u00e4ytyy 3 viikon treenitauolle Koronan vuoksi"},"content":{"rendered":"<div class=\"page-restrict-output\"><h6>Kuten varmasti kaikki onkin jo lukenut lehdist\u00e4, niin p\u00e4\u00e4kaupunkiseutu on julistettu koronan levi\u00e4misvaiheessa olevaksi alueeksi. Todenn\u00e4k\u00f6isesti koko Uusimaa tulee my\u00f6s olemaan samassa tilanteessa l\u00e4hip\u00e4ivien aikana.<\/h6>\n<h6>T\u00e4st\u00e4 johtuen olemme kuunnelleet yleisi\u00e4 ohjeistuksia, sek\u00e4 Vantaan kaupungin ohjeita tulevia treenej\u00e4 silm\u00e4ll\u00e4 pit\u00e4en. Vantaan kaupunki tulee sulkemaan kaikki hallinnassaan olevat liikuntapaikat ensi maanantaista l\u00e4htien kolmeksi viikoksi. Me luonnollisestikin Tuomelan koulun k\u00e4ytt\u00e4jin\u00e4 my\u00f6s tulemme pit\u00e4m\u00e4\u00e4n tuona aikana treenitaukoa. Meid\u00e4n tapauksessamme treenitauko tosin pitkittyy huomattavasti, sill\u00e4 olisimme aloittaneet joululoman vieton joka tapauksessa jo joulukuun puolessa v\u00e4liss\u00e4. Nyt tuosta tauosta tulee siis oletettua pidempi.<\/h6>\n<h6>Koska uudet m\u00e4\u00e4r\u00e4ykset astuvat voimaan vasta tulevana maanantaina, niin k\u00e4vimme t\u00e4st\u00e4 Vatadon hallituksen kanssa keskusteluja. Totesimme, ett\u00e4 voimme menn\u00e4 nykyisen ohjeistuksen mukaisesti, eli t\u00e4n\u00e4\u00e4n treenit j\u00e4rjestet\u00e4\u00e4n suunnitelman mukaisesti klo 18.30-20.00 v\u00e4lisen\u00e4 aikana. T\u00e4m\u00e4n j\u00e4lkeen j\u00e4\u00e4mme joululoman viettoon. Mik\u00e4li kuitenkin koronaohjeistukset t\u00e4ss\u00e4 l\u00e4hiviikkojen aikana kevenev\u00e4t, niin j\u00e4rjest\u00e4mme kinkunsulattelujumpat suunnitellun mukaisesti joulutauon aikana kahtena maanantaina (ma 21.12. &amp; ma 28.12.). Kannattaa siis laittaa kyseiset p\u00e4iv\u00e4m\u00e4\u00e4r\u00e4t kalentereihin talteen.<\/h6>\n<h6>Kaikesta huolimatta ja sen takia toteankin yhteenvetona&#8230; Kiitos kaikille t\u00e4st\u00e4 syyskaudesta! Onneksi saimme peruskurssille kuluneella viikolla vy\u00f6kokeen j\u00e4rjestetty\u00e4 ja kaikki p\u00e4\u00e4siv\u00e4t siit\u00e4\u00a0 kunnialla l\u00e4vitse. Muille v\u00e4riv\u00f6ille tilanne on v\u00e4h\u00e4n hankalampi. Joudumme peruuttamaan ensi viikolle suunnitellun vy\u00f6kokeen, mutta pyrimme j\u00e4rjest\u00e4m\u00e4\u00e4n sen heti kev\u00e4tkauden alkajaisiksi, tammikuun\u00a0 lopulla, mik\u00e4li vain harjoitukset p\u00e4\u00e4st\u00e4\u00e4n starttaamaan suunnitellusti tammikuun alussa. Muistakaa siis pit\u00e4\u00e4 mieli ett\u00e4 kroppa skarppina, sek\u00e4 harjoitella poomsea my\u00f6s kotioloissa!<\/h6>\n<p>&nbsp;<\/p>\n<h6>Terveytt\u00e4 kaikille Vatadon hallituksen puolesta toivottaa,<\/h6>\n<h6>Ville Reponen, puheenjohtaja<\/h6>\n<\/div>","protected":false},"excerpt":{"rendered":"<div class=\"page-restrict-output\"><p>Kuten varmasti kaikki onkin jo lukenut lehdist\u00e4, niin p\u00e4\u00e4kaupunkiseutu on julistettu koronan levi\u00e4misvaiheessa olevaksi alueeksi. Todenn\u00e4k\u00f6isesti koko Uusimaa tulee my\u00f6s olemaan samassa tilanteessa l\u00e4hip\u00e4ivien aikana. T\u00e4st\u00e4 johtuen olemme kuunnelleet yleisi\u00e4 ohjeistuksia, sek\u00e4 Vantaan kaupungin ohjeita tulevia treenej\u00e4 silm\u00e4ll\u00e4 pit\u00e4en. Vantaan kaupunki tulee sulkemaan kaikki hallinnassaan olevat liikuntapaikat ensi maanantaista l\u00e4htien kolmeksi viikoksi. Me luonnollisestikin Tuomelan [&hellip;]<\/p>\n<\/div>","protected":false},"author":11,"featured_media":0,"comment_status":"closed","ping_status":"closed","sticky":false,"template":"","format":"standard","meta":{"saved_in_kubio":false,"ngg_post_thumbnail":0,"footnotes":""},"categories":[4],"tags":[],"class_list":["post-1850","post","type-post","status-publish","format-standard","hentry","category-seuratied"],"_links":{"self":[{"href":"https:\/\/www.vatado.org\/index.php?rest_route=\/wp\/v2\/posts\/1850","targetHints":{"allow":["GET"]}}],"collection":[{"href":"https:\/\/www.vatado.org\/index.php?rest_route=\/wp\/v2\/posts"}],"about":[{"href":"https:\/\/www.vatado.org\/index.php?rest_route=\/wp\/v2\/types\/post"}],"author":[{"embeddable":true,"href":"https:\/\/www.vatado.org\/index.php?rest_route=\/wp\/v2\/users\/11"}],"replies":[{"embeddable":true,"href":"https:\/\/www.vatado.org\/index.php?rest_route=%2Fwp%2Fv2%2Fcomments&post=1850"}],"version-history":[{"count":3,"href":"https:\/\/www.vatado.org\/index.php?rest_route=\/wp\/v2\/posts\/1850\/revisions"}],"predecessor-version":[{"id":1853,"href":"https:\/\/www.vatado.org\/index.php?rest_route=\/wp\/v2\/posts\/1850\/revisions\/1853"}],"wp:attachment":[{"href":"https:\/\/www.vatado.org\/index.php?rest_route=%2Fwp%2Fv2%2Fmedia&parent=1850"}],"wp:term":[{"taxonomy":"category","embeddable":true,"href":"https:\/\/www.vatado.org\/index.php?rest_route=%2Fwp%2Fv2%2Fcategories&post=1850"},{"taxonomy":"post_tag","embeddable":true,"href":"https:\/\/www.vatado.org\/index.php?rest_route=%2Fwp%2Fv2%2Ftags&post=1850"}],"curies":[{"name":"wp","href":"https:\/\/api.w.org\/{rel}","templated":true}]}}