{"id":1920,"date":"2021-01-28T13:28:10","date_gmt":"2021-01-28T13:28:10","guid":{"rendered":"http:\/\/www.vatado.org\/?p=1920"},"modified":"2021-01-28T13:30:36","modified_gmt":"2021-01-28T13:30:36","slug":"uudet-rajoitukset-venyttavat-kevaan-aloitusta","status":"publish","type":"post","link":"https:\/\/www.vatado.org\/?p=1920","title":{"rendered":"Uudet rajoitukset venytt\u00e4v\u00e4t kev\u00e4\u00e4n aloitusta"},"content":{"rendered":"<div class=\"page-restrict-output\">\n<p class=\"has-medium-font-size\">Eilisen (27.1.) P\u00e4\u00e4kaupunkiseudun koronakoordinaatioryhm\u00e4n p\u00e4\u00e4t\u00f6sten pohjalta Vatado on p\u00e4\u00e4tt\u00e4nyt jatkaa kuukaudella aiemmin m\u00e4\u00e4ritetty\u00e4 treenitaukoa. Uusimman p\u00e4\u00e4t\u00f6ksen pohjalta seura olisi voinut aloittaa alaik\u00e4isten harrastajien osalta treenit jo ensi viikolla, mutta p\u00e4\u00e4dyimme kuitenkin olemaan jakamatta harrasteryhmi\u00e4mme ik\u00e4luokittain. Toinen iso tekij\u00e4 p\u00e4\u00e4t\u00f6ksen takana oli yleisen tilanteen ep\u00e4varmuus. <\/p>\n\n\n\n<p class=\"has-medium-font-size\">Viime p\u00e4ivin\u00e4 olemme kuulleet koronan uudesta mutaatiosta, jonka on todettu olevan aiempaa tautia voimakkaampi tarttumaan. Vatado on jo aiemmin tehnyt p\u00e4\u00e4t\u00f6ksen, jonka pohjalta koko seuran toiminta keskeytet\u00e4\u00e4n toistaiseksi mik\u00e4li seuran harrastajien keskuudessa tautia on havaittu. N\u00e4iden syiden pohjalta tarkastelemme siis tilannetta uudelleen helmikuun lopulla, koskien loppukev\u00e4\u00e4n aikataulua maaliskuusta toukokuun loppuun.<\/p>\n\n\n\n<p class=\"has-medium-font-size\">Peruskurssin alkamiseen t\u00e4m\u00e4 tulee my\u00f6s vaikuttamaan jonkun verran. Aiemmin olemme infonneet peruskurssin starttaavan helmikuun alussa, ja kest\u00e4en arviolta huhtikuun loppuun, mutta tuohon olemme nyt tehnneet kuukauden siirron. Uusi kurssin aikataulu on maaliskuusta toukokuulle. Mik\u00e4li olet kiinnostunut peruskurssistamme, pyyd\u00e4mme t\u00e4ytt\u00e4m\u00e4\u00e4n Peruskurssi-osiosta erikseen l\u00f6ytyv\u00e4n ilmoittautumislomakkeen, ja etenkin puhelinnumero-osuuden, jotta voimme kurssin alkaessa olla kaikkiin ilmoittautuneisiin yhteydess\u00e4. Ilmoittautumislomakkeen t\u00e4ytt\u00f6 ei ole sitova. K\u00e4yt\u00e4mme sit\u00e4 ainoastaan informointiin peruskurssin aikataulusta.<\/p>\n\n\n\n<p class=\"has-medium-font-size\">Mik\u00e4li teilt\u00e4 l\u00f6ytyy ostettuja lahjakortteja kev\u00e4\u00e4n peruskurssille, niin ne k\u00e4yv\u00e4t sellaisinaan my\u00f6s maaliskuussa alkavalle kurssille. Mik\u00e4li haluatte kuitenkin siirt\u00e4\u00e4 aloituksen syksyyn, niin ilmoitattehan siit\u00e4 erikseen ohjaajillemme. Yhteystiedot l\u00f6ytyv\u00e4t lahjakortista, taikka t\u00e4\u00e4lt\u00e4 nettisivuilta kohdasta Media.<\/p>\n<\/div>","protected":false},"excerpt":{"rendered":"<div class=\"page-restrict-output\"><p>Eilisen (27.1.) P\u00e4\u00e4kaupunkiseudun koronakoordinaatioryhm\u00e4n p\u00e4\u00e4t\u00f6sten pohjalta Vatado on p\u00e4\u00e4tt\u00e4nyt jatkaa kuukaudella aiemmin m\u00e4\u00e4ritetty\u00e4 treenitaukoa. Uusimman p\u00e4\u00e4t\u00f6ksen pohjalta seura olisi voinut aloittaa alaik\u00e4isten harrastajien osalta treenit jo ensi viikolla, mutta p\u00e4\u00e4dyimme kuitenkin olemaan jakamatta harrasteryhmi\u00e4mme ik\u00e4luokittain. Toinen iso tekij\u00e4 p\u00e4\u00e4t\u00f6ksen takana oli yleisen tilanteen ep\u00e4varmuus. Viime p\u00e4ivin\u00e4 olemme kuulleet koronan uudesta mutaatiosta, jonka on todettu olevan [&hellip;]<\/p>\n<\/div>","protected":false},"author":11,"featured_media":0,"comment_status":"closed","ping_status":"closed","sticky":false,"template":"","format":"standard","meta":{"saved_in_kubio":false,"ngg_post_thumbnail":0,"footnotes":""},"categories":[4],"tags":[],"class_list":["post-1920","post","type-post","status-publish","format-standard","hentry","category-seuratied"],"_links":{"self":[{"href":"https:\/\/www.vatado.org\/index.php?rest_route=\/wp\/v2\/posts\/1920","targetHints":{"allow":["GET"]}}],"collection":[{"href":"https:\/\/www.vatado.org\/index.php?rest_route=\/wp\/v2\/posts"}],"about":[{"href":"https:\/\/www.vatado.org\/index.php?rest_route=\/wp\/v2\/types\/post"}],"author":[{"embeddable":true,"href":"https:\/\/www.vatado.org\/index.php?rest_route=\/wp\/v2\/users\/11"}],"replies":[{"embeddable":true,"href":"https:\/\/www.vatado.org\/index.php?rest_route=%2Fwp%2Fv2%2Fcomments&post=1920"}],"version-history":[{"count":4,"href":"https:\/\/www.vatado.org\/index.php?rest_route=\/wp\/v2\/posts\/1920\/revisions"}],"predecessor-version":[{"id":1924,"href":"https:\/\/www.vatado.org\/index.php?rest_route=\/wp\/v2\/posts\/1920\/revisions\/1924"}],"wp:attachment":[{"href":"https:\/\/www.vatado.org\/index.php?rest_route=%2Fwp%2Fv2%2Fmedia&parent=1920"}],"wp:term":[{"taxonomy":"category","embeddable":true,"href":"https:\/\/www.vatado.org\/index.php?rest_route=%2Fwp%2Fv2%2Fcategories&post=1920"},{"taxonomy":"post_tag","embeddable":true,"href":"https:\/\/www.vatado.org\/index.php?rest_route=%2Fwp%2Fv2%2Ftags&post=1920"}],"curies":[{"name":"wp","href":"https:\/\/api.w.org\/{rel}","templated":true}]}}