{"id":1941,"date":"2021-03-30T08:35:05","date_gmt":"2021-03-30T08:35:05","guid":{"rendered":"http:\/\/www.vatado.org\/?p=1941"},"modified":"2021-03-30T08:35:06","modified_gmt":"2021-03-30T08:35:06","slug":"tarkea-tiedote-tulevasta-peruskurssista-ja-kevaan-lapiviennista","status":"publish","type":"post","link":"https:\/\/www.vatado.org\/?p=1941","title":{"rendered":"T\u00e4rke\u00e4 tiedote tulevasta peruskurssista ja kev\u00e4\u00e4n l\u00e4piviennist\u00e4!"},"content":{"rendered":"<div class=\"page-restrict-output\">\n<p class=\"has-medium-font-size\">Vatadon hallitus kokoontui viime viikon lauantaina (27.3.) keskustelemaan kev\u00e4\u00e4n kurssista ja kev\u00e4\u00e4n l\u00e4piviemisest\u00e4 ylip\u00e4\u00e4ns\u00e4. Viel\u00e4 tuolloin ei ollut tiedossa Suomen hallituksen ja Etel\u00e4-Suomen AVI:n sunnuntaista tiedotetta, mutta se ei tilannetta kuitenkaan muuttanut mihink\u00e4\u00e4n.<\/p>\n\n\n\n<p class=\"has-medium-font-size\">Vatadon hallitus p\u00e4\u00e4tti lauantaisessa kokouksessaan siirt\u00e4\u00e4 ensi viikolle suunnitellun peruskurssin aloituksen ensi syksyyn siten, ett\u00e4 kurssin aloitus j\u00e4rjestet\u00e4\u00e4n Tuomelan koululla 30.8. alkaen. Mik\u00e4li jollakin on hankittuna lahjakortteja, niin ne toimivat syksyn kurssille sellaisinaan. Mahdollisiin peruutuksiin liittyen tulee olla yhteydess\u00e4 suoraan ko. palveluntarjoajaan \/ lahjakortin myyj\u00e4\u00e4n. Vatado ei valitettavasti ostettuja lahjakortteja pysty peruuttamaan, vaan kaikki on hoidettava myyj\u00e4liikkeen kanssa suoraan.<\/p>\n\n\n\n<p class=\"has-medium-font-size\">Vatado haluaa panostaa harjoitellessa laatuun, jonka vuoksi hallitus p\u00e4\u00e4tti siirt\u00e4\u00e4 koko kurssin aloituksen elokuulle, sen sijaan, ett\u00e4 olisimme tarkastelleet toukokuussa tilannetta viel\u00e4 uudelleen. Peruskurssin l\u00e4pivienti  reilussa kuukaudessa on turhan nopea tempoinen, eik\u00e4 aja asiaansa. Haluamme, ett\u00e4 harrastaja my\u00f6skin sis\u00e4ist\u00e4\u00e4 ne asiat joita viikottaisissa harjoituksissamme k\u00e4sittelemme.<\/p>\n\n\n\n<p class=\"has-medium-font-size\">V\u00e4riv\u00f6iden osalta pyrimme aloittamaan kev\u00e4\u00e4n kun se on mahdollista. Seuraavan kuukauden ajan olemme eritt\u00e4in todenn\u00e4k\u00f6isesti kiinni, mutta pyyd\u00e4mme seuraamaan tiedotteitamme salin aukaisuun liittyen. L\u00e4ht\u00f6kohtaisesti olemme siis kev\u00e4\u00e4n kiinni, ellei erillisilmoitusta kev\u00e4\u00e4n avauksesta tule. <\/p>\n\n\n\n<p class=\"has-medium-font-size\">Olemme aiemmin sopineet kev\u00e4\u00e4n viimeiseksi harjoitukseksi ennen kes\u00e4taukoa, juhannusta edelt\u00e4v\u00e4n keskiviikon. Nykyisill\u00e4 tiedoilla kyseinen keskiviikko tulisi my\u00f6skin tuo viimeinen harjoitus olemaan. Syyskausi starttaa v\u00e4riv\u00f6iden osalta elokuun toisella viikolla. T\u00e4st\u00e4 kuitenkin tarkemmat infot hein\u00e4kuun aikana.<\/p>\n\n\n\n<p class=\"has-medium-font-size\">Jottei tilanne kuitenkaan j\u00e4m\u00e4ht\u00e4isi kokonaan paikalleen, tulemme j\u00e4rjest\u00e4m\u00e4\u00e4n Vatadon Whatsappissa viikoittain pienen harjoitteen, jossa k\u00e4ymme l\u00e4vitse Taekwondon eri osa-alueita. Harjoitteissa kuitenkin tullaan huomioimaan kotiolosuhteet, joten perint\u00f6maljakoita ei tarvitse ennen treenin alkua suojata \ud83d\ude42<\/p>\n\n\n\n<p class=\"has-medium-font-size\">Kev\u00e4\u00e4n edetess\u00e4 ajatuksena on my\u00f6s j\u00e4rjest\u00e4\u00e4 yhteislenkkej\u00e4, porrasjuoksuja tms. yhteist\u00e4 tekemist\u00e4 ulkotiloihin, mik\u00e4li yleinen tilanne sen sallii. Kes\u00e4isin on my\u00f6s ollut tapana k\u00e4yd\u00e4 pelaamassa puistofutista, beachvolleyt\u00e4 ja my\u00f6s treenaamassa puistopoomsea, joten niit\u00e4kin on kelien l\u00e4mpe\u00e4misen j\u00e4lkeen taas luvassa.<\/p>\n\n\n\n<p class=\"has-medium-font-size\">Pysyt\u00e4\u00e4n terveen\u00e4, ja pidet\u00e4\u00e4n toisistamme huolta!<\/p>\n\n\n\n<p class=\"has-medium-font-size\">Yst\u00e4v\u00e4llisin terveisin,<br>Vatadon hallitus<\/p>\n<\/div>","protected":false},"excerpt":{"rendered":"<div class=\"page-restrict-output\"><p>Vatadon hallitus kokoontui viime viikon lauantaina (27.3.) keskustelemaan kev\u00e4\u00e4n kurssista ja kev\u00e4\u00e4n l\u00e4piviemisest\u00e4 ylip\u00e4\u00e4ns\u00e4. Viel\u00e4 tuolloin ei ollut tiedossa Suomen hallituksen ja Etel\u00e4-Suomen AVI:n sunnuntaista tiedotetta, mutta se ei tilannetta kuitenkaan muuttanut mihink\u00e4\u00e4n. Vatadon hallitus p\u00e4\u00e4tti lauantaisessa kokouksessaan siirt\u00e4\u00e4 ensi viikolle suunnitellun peruskurssin aloituksen ensi syksyyn siten, ett\u00e4 kurssin aloitus j\u00e4rjestet\u00e4\u00e4n Tuomelan koululla 30.8. alkaen. [&hellip;]<\/p>\n<\/div>","protected":false},"author":11,"featured_media":0,"comment_status":"closed","ping_status":"closed","sticky":false,"template":"","format":"standard","meta":{"saved_in_kubio":false,"ngg_post_thumbnail":0,"footnotes":""},"categories":[4],"tags":[],"class_list":["post-1941","post","type-post","status-publish","format-standard","hentry","category-seuratied"],"_links":{"self":[{"href":"https:\/\/www.vatado.org\/index.php?rest_route=\/wp\/v2\/posts\/1941","targetHints":{"allow":["GET"]}}],"collection":[{"href":"https:\/\/www.vatado.org\/index.php?rest_route=\/wp\/v2\/posts"}],"about":[{"href":"https:\/\/www.vatado.org\/index.php?rest_route=\/wp\/v2\/types\/post"}],"author":[{"embeddable":true,"href":"https:\/\/www.vatado.org\/index.php?rest_route=\/wp\/v2\/users\/11"}],"replies":[{"embeddable":true,"href":"https:\/\/www.vatado.org\/index.php?rest_route=%2Fwp%2Fv2%2Fcomments&post=1941"}],"version-history":[{"count":12,"href":"https:\/\/www.vatado.org\/index.php?rest_route=\/wp\/v2\/posts\/1941\/revisions"}],"predecessor-version":[{"id":1953,"href":"https:\/\/www.vatado.org\/index.php?rest_route=\/wp\/v2\/posts\/1941\/revisions\/1953"}],"wp:attachment":[{"href":"https:\/\/www.vatado.org\/index.php?rest_route=%2Fwp%2Fv2%2Fmedia&parent=1941"}],"wp:term":[{"taxonomy":"category","embeddable":true,"href":"https:\/\/www.vatado.org\/index.php?rest_route=%2Fwp%2Fv2%2Fcategories&post=1941"},{"taxonomy":"post_tag","embeddable":true,"href":"https:\/\/www.vatado.org\/index.php?rest_route=%2Fwp%2Fv2%2Ftags&post=1941"}],"curies":[{"name":"wp","href":"https:\/\/api.w.org\/{rel}","templated":true}]}}