{"id":1969,"date":"2021-07-01T15:31:39","date_gmt":"2021-07-01T15:31:39","guid":{"rendered":"http:\/\/www.vatado.org\/?p=1969"},"modified":"2021-07-01T15:31:40","modified_gmt":"2021-07-01T15:31:40","slug":"puhiksen-kesaterveiset-ja-syksyn-odotusta","status":"publish","type":"post","link":"https:\/\/www.vatado.org\/?p=1969","title":{"rendered":"Puhiksen kes\u00e4terveiset ja syksyn odotusta!"},"content":{"rendered":"<div class=\"page-restrict-output\">\n<div class=\"wp-block-columns is-layout-flex wp-container-core-columns-is-layout-9d6595d7 wp-block-columns-is-layout-flex\">\n<div class=\"wp-block-column is-layout-flow wp-block-column-is-layout-flow\" style=\"flex-basis:100%\">\n<div class=\"wp-block-group\"><div class=\"wp-block-group__inner-container is-layout-flow wp-block-group-is-layout-flow\">\n<div class=\"wp-block-group\"><div class=\"wp-block-group__inner-container is-layout-flow wp-block-group-is-layout-flow\">\n<div class=\"wp-block-group\"><div class=\"wp-block-group__inner-container is-layout-flow wp-block-group-is-layout-flow\">\n<cite><p class=\"has-medium-font-size\">Kes\u00e4 on jo py\u00f6r\u00e4ht\u00e4nyt kivasti k\u00e4yntiin, mutta hallitus on tehnyt harrastajien tiet\u00e4m\u00e4tt\u00e4 jo kovaa ty\u00f6t\u00e4 taustalla, jotta ensi syksy saadaan mukavasti k\u00e4yntiin!<\/p><\/cite>\n\n\n\n<cite><p class=\"has-medium-font-size\">T\u00e4m\u00e4n viikon alussa saimme iloksemme kuulla, ett\u00e4 P\u00e4\u00e4kaupunkiseudun koronakoordinaatioryhm\u00e4 on vapauttanut my\u00f6s rajoituksia aikuisten sis\u00e4harrastamiseen liittyen. T\u00e4st\u00e4 saimme my\u00f6s hetiper\u00e4\u00e4n kuittauksen Vantaan kaupungilta.<\/p><\/cite>\n<\/div><\/div>\n\n\n\n<cite><p class=\"has-medium-font-size\">Vatadon kes\u00e4tilannetta t\u00e4m\u00e4 ei tietystik\u00e4\u00e4n muuta hirve\u00e4sti, sill\u00e4 emme keskikes\u00e4ll\u00e4 yleisesti sis\u00e4tiloissa edes harjoittele, mutta syksy\u00e4 ajatellen t\u00e4m\u00e4 oli iloinen p\u00e4\u00e4t\u00f6s. Toivottavasti yleinen tilanne pysyy Suomessa hyv\u00e4n\u00e4, ja p\u00e4\u00e4semme syyskauden starttaamaan kuten olemme ajatelleetkin.<\/p><\/cite>\n\n\n\n<cite><p class=\"has-medium-font-size\">Ja eip\u00e4 t\u00e4ss\u00e4 viel\u00e4 kaikki hyv\u00e4t uutiset olleet. Vantaan kaupunki p\u00e4\u00e4tti samassa yhteydess\u00e4 my\u00f6s tulevan talvikauden harrastevuorot, ja saimme noista &#8220;arvonnoista&#8221; my\u00f6s osamme.<\/p><\/cite>\n\n\n\n<div class=\"wp-block-group\"><div class=\"wp-block-group__inner-container is-layout-flow wp-block-group-is-layout-flow\">\n<cite><p class=\"has-medium-font-size\">Jatkamme harjoituksia viime vuoden tapaan Tuomelan koululla, Vantaan H\u00e4meenkyl\u00e4ss\u00e4. Harjoitusaikamme ovat maanantaisin klo: 19.30 &#8211; 21.00, keskiviikkoisin 19.15 &#8211; 20.45 ja perjantaisin 18.00 &#8211; 19.30. Syksyn ensimm\u00e4iset harjoitukset j\u00e4rjestet\u00e4\u00e4n maanantaina 16.8.2021, ja kausi p\u00e4\u00e4ttyy kes\u00e4kuun ensimm\u00e4isell\u00e4 viikolla 2022. Koska syyskauden aloitus menisi n\u00e4ill\u00e4 n\u00e4kymin vasta elokuun puoleen v\u00e4liin, pyrimme saamaan viel\u00e4 elokuun alkuun pari treenivuoroa Rajatorpan kalliosuojaan. N\u00e4iden onnistumisesta infoamme harrastajia viel\u00e4 tarkemmin seuran Whatsapp-ryhm\u00e4ss\u00e4.<\/p><\/cite>\n<\/div><\/div>\n\n\n\n<cite><p class=\"has-medium-font-size\">Olemme my\u00f6s haasteellisen kev\u00e4\u00e4n j\u00e4lkeen saaneet lukittua syksyn peruskurssin ajankohdan paikoilleen. Uusi peruskurssi alkaa maanantaina 30.8.2021 klo: 19.30 alkaen. Kiinnostusta kurssia kohtaan on ollut paljon, ja t\u00e4ll\u00e4hetkell\u00e4 n\u00e4ytt\u00e4\u00e4 hyvin vahvasti silt\u00e4, ett\u00e4 saamme kurssin viimeist\u00e4 paikkaa my\u00f6ten t\u00e4yteen. Viel\u00e4 kuitenkin mukaan mahtuu, eli jos Taekwondo lajina kiinnostaa, niin suosittelen ehdottomasti t\u00e4ytt\u00e4m\u00e4\u00e4n t\u00e4\u00e4lt\u00e4 kotisivuilta l\u00f6ytyv\u00e4n ilmoittautumislomakkeen, ja ilmoittautumaan sit\u00e4 kautta syksyn kurssille. Lomakkeen t\u00e4ytt\u00f6 ei kuitenkaan sido sinua mihink\u00e4\u00e4n, vaan voit tehd\u00e4 osallistumisp\u00e4\u00e4t\u00f6ksen itse kurssin aloitushetkell\u00e4 tuletko vai et. <\/p><\/cite>\n<\/div><\/div>\n\n\n\n<cite><p class=\"has-medium-font-size\">Tulee my\u00f6s muistaa, ett\u00e4 seurassamme voit vapaasti testata lajia pari viikkoa, jonka j\u00e4lkeen voit tehd\u00e4 p\u00e4\u00e4t\u00f6ksen haluatko jatkaa kurssin loppuun saakka vaiko et. <\/p><\/cite>\n\n\n\n<cite><p class=\"has-medium-font-size\">Olen my\u00f6s kurssiin liittyen saanut paljon kysymyksi\u00e4, jossa ty\u00f6vuorot ovat ep\u00e4varmoja eik\u00e4 harrastukseen uskalleta v\u00e4ltt\u00e4m\u00e4tt\u00e4 sitoutua. T\u00e4st\u00e4 ei kuitenkaan kannata olla huolissaan. Kannattaa tulla kokeilemaan, ja keskustelulla ohjaajan kanssa p\u00e4\u00e4st\u00e4\u00e4n jo pitk\u00e4lle kuinka paljon poisj\u00e4\u00e4ntej\u00e4 koko kurssin ajalle tulisi, ja sit\u00e4 kautta p\u00e4\u00e4st\u00e4\u00e4n varmasti eteenp\u00e4in.<\/p><\/cite>\n\n\n\n<cite><p class=\"has-medium-font-size\">Korona on aiheuttanut viimeisen reilun vuoden ajan enemm\u00e4n ja v\u00e4hemm\u00e4n haasteita yhteiskunnalle, mutta vihdoin n\u00e4ytt\u00e4isi silt\u00e4, ett\u00e4 alamme olemaan voiton puolella. My\u00f6s me Vatadossa olemme valmiit palaamaan normaaliin harjoitusrytmiin, ja onneksemme se n\u00e4ytt\u00e4isi olevankin mahdollista elokuusta l\u00e4htien. Uskon kuitenkin, ett\u00e4 ns. uusinormaali tulee koskemaan meit\u00e4 kampailulajiseuroja my\u00f6s jatkossa. Treenej\u00e4 suunnitellaan v\u00e4h\u00e4n vanhasta poikkeavalla tavalla, sek\u00e4 k\u00e4sidesit tulevat varmasti j\u00e4\u00e4m\u00e4\u00e4n osaksi treenitraditiotamme &#8211; k\u00e4sien pesut ennen ja j\u00e4lkeen treenin.<\/p><\/cite>\n\n\n\n<cite><p class=\"has-medium-font-size\">N\u00e4ihin sanoihin on hyv\u00e4 p\u00e4\u00e4tt\u00e4\u00e4. Haluan toivottaa kaikille vatadolaisille mukavaa loppukes\u00e4\u00e4 ja toivottaa kaikki tervetulleeksi harrastamaan taas yhdess\u00e4 rakastamaamme lajia elokuusta l\u00e4htien! Haluan my\u00f6s toivottaa kaikki uudet peruskurssilaiset tervetulleeksi seuraan. Meill\u00e4 n\u00e4kyy ja tuntuu yhdess\u00e4 tekemisen meininki!<\/p><\/cite>\n\n\n\n<p><\/p>\n\n\n\n<p><\/p>\n\n\n\n<p><\/p>\n<\/div><\/div>\n\n\n\n<cite><p class=\"has-medium-font-size\">Aurinkoisin terveisin,<\/p><\/cite>\n\n\n\n<p class=\"has-large-font-size\"><font face=\"Brush Script MT\">Ville Reponen, Vatado ry<\/font><\/p>\n<\/div>\n<\/div>\n<\/div>","protected":false},"excerpt":{"rendered":"<div class=\"page-restrict-output\"><p>Kes\u00e4 on jo py\u00f6r\u00e4ht\u00e4nyt kivasti k\u00e4yntiin, mutta hallitus on tehnyt harrastajien tiet\u00e4m\u00e4tt\u00e4 jo kovaa ty\u00f6t\u00e4 taustalla, jotta ensi syksy saadaan mukavasti k\u00e4yntiin! T\u00e4m\u00e4n viikon alussa saimme iloksemme kuulla, ett\u00e4 P\u00e4\u00e4kaupunkiseudun koronakoordinaatioryhm\u00e4 on vapauttanut my\u00f6s rajoituksia aikuisten sis\u00e4harrastamiseen liittyen. T\u00e4st\u00e4 saimme my\u00f6s hetiper\u00e4\u00e4n kuittauksen Vantaan kaupungilta. Vatadon kes\u00e4tilannetta t\u00e4m\u00e4 ei tietystik\u00e4\u00e4n muuta hirve\u00e4sti, sill\u00e4 emme keskikes\u00e4ll\u00e4 [&hellip;]<\/p>\n<\/div>","protected":false},"author":11,"featured_media":0,"comment_status":"closed","ping_status":"closed","sticky":false,"template":"","format":"standard","meta":{"saved_in_kubio":false,"ngg_post_thumbnail":0,"footnotes":""},"categories":[4],"tags":[],"class_list":["post-1969","post","type-post","status-publish","format-standard","hentry","category-seuratied"],"_links":{"self":[{"href":"https:\/\/www.vatado.org\/index.php?rest_route=\/wp\/v2\/posts\/1969","targetHints":{"allow":["GET"]}}],"collection":[{"href":"https:\/\/www.vatado.org\/index.php?rest_route=\/wp\/v2\/posts"}],"about":[{"href":"https:\/\/www.vatado.org\/index.php?rest_route=\/wp\/v2\/types\/post"}],"author":[{"embeddable":true,"href":"https:\/\/www.vatado.org\/index.php?rest_route=\/wp\/v2\/users\/11"}],"replies":[{"embeddable":true,"href":"https:\/\/www.vatado.org\/index.php?rest_route=%2Fwp%2Fv2%2Fcomments&post=1969"}],"version-history":[{"count":29,"href":"https:\/\/www.vatado.org\/index.php?rest_route=\/wp\/v2\/posts\/1969\/revisions"}],"predecessor-version":[{"id":1999,"href":"https:\/\/www.vatado.org\/index.php?rest_route=\/wp\/v2\/posts\/1969\/revisions\/1999"}],"wp:attachment":[{"href":"https:\/\/www.vatado.org\/index.php?rest_route=%2Fwp%2Fv2%2Fmedia&parent=1969"}],"wp:term":[{"taxonomy":"category","embeddable":true,"href":"https:\/\/www.vatado.org\/index.php?rest_route=%2Fwp%2Fv2%2Fcategories&post=1969"},{"taxonomy":"post_tag","embeddable":true,"href":"https:\/\/www.vatado.org\/index.php?rest_route=%2Fwp%2Fv2%2Ftags&post=1969"}],"curies":[{"name":"wp","href":"https:\/\/api.w.org\/{rel}","templated":true}]}}