{"id":2011,"date":"2021-09-03T12:14:47","date_gmt":"2021-09-03T12:14:47","guid":{"rendered":"https:\/\/www.vatado.org\/?p=2011"},"modified":"2021-09-03T12:16:36","modified_gmt":"2021-09-03T12:16:36","slug":"selvennys-peruskurssin-harjoitteluaikoihin","status":"publish","type":"post","link":"https:\/\/www.vatado.org\/?p=2011","title":{"rendered":"Selvennys peruskurssin harjoitteluaikoihin"},"content":{"rendered":"<div class=\"page-restrict-output\">\n<p class=\"has-medium-font-size\">Olemme saaneet kuulla ep\u00e4selv\u00e4st\u00e4 ja ristiriitaisesta informoinnista Taekwondon peruskurssia ajatellen. Olemme havainneet t\u00e4m\u00e4n, ja nostamme k\u00e4den yl\u00f6s virheen merkiksi. Vahvistuksena todetaan, ett\u00e4 peruskurssin harjoitusajat ovat ensi viikosta l\u00e4htien seuraavat:<\/p>\n\n\n\n<p class=\"has-medium-font-size\">Maanantaisin 19.30 &#8211; 21.00<\/p>\n\n\n\n<p class=\"has-medium-font-size\">Keskiviikkoisin 19.30 &#8211; 20.45<\/p>\n\n\n\n<p class=\"has-medium-font-size\"><\/p>\n\n\n\n<p class=\"has-medium-font-size\">Keskiviikkoisin sali on vapaa k\u00e4ytett\u00e4v\u00e4ksi jo 19.15 alkaen esimerkiksi omatoimiseen l\u00e4mmittelyyn, venyttelyyn tms. Vartissa ehtii hyvin k\u00e4ym\u00e4\u00e4n itsekseen l\u00e4vitse my\u00f6s esimerkiksi tulevassa keltaisen vy\u00f6n (8.kup) vy\u00f6kokeessa suoritettavaa Taegeuk Il Jang-poomsaeta, jota tulemme my\u00f6s my\u00f6hemmiss\u00e4 harjoituksissa k\u00e4ym\u00e4\u00e4n tarkemmin l\u00e4vitse.<\/p>\n\n\n\n<p class=\"has-medium-font-size\"><\/p>\n<\/div>","protected":false},"excerpt":{"rendered":"<div class=\"page-restrict-output\"><p>Olemme saaneet kuulla ep\u00e4selv\u00e4st\u00e4 ja ristiriitaisesta informoinnista Taekwondon peruskurssia ajatellen. Olemme havainneet t\u00e4m\u00e4n, ja nostamme k\u00e4den yl\u00f6s virheen merkiksi. Vahvistuksena todetaan, ett\u00e4 peruskurssin harjoitusajat ovat ensi viikosta l\u00e4htien seuraavat: Maanantaisin 19.30 &#8211; 21.00 Keskiviikkoisin 19.30 &#8211; 20.45 Keskiviikkoisin sali on vapaa k\u00e4ytett\u00e4v\u00e4ksi jo 19.15 alkaen esimerkiksi omatoimiseen l\u00e4mmittelyyn, venyttelyyn tms. Vartissa ehtii hyvin k\u00e4ym\u00e4\u00e4n itsekseen [&hellip;]<\/p>\n<\/div>","protected":false},"author":11,"featured_media":0,"comment_status":"closed","ping_status":"closed","sticky":false,"template":"","format":"standard","meta":{"saved_in_kubio":false,"ngg_post_thumbnail":0,"footnotes":""},"categories":[4],"tags":[],"class_list":["post-2011","post","type-post","status-publish","format-standard","hentry","category-seuratied"],"_links":{"self":[{"href":"https:\/\/www.vatado.org\/index.php?rest_route=\/wp\/v2\/posts\/2011","targetHints":{"allow":["GET"]}}],"collection":[{"href":"https:\/\/www.vatado.org\/index.php?rest_route=\/wp\/v2\/posts"}],"about":[{"href":"https:\/\/www.vatado.org\/index.php?rest_route=\/wp\/v2\/types\/post"}],"author":[{"embeddable":true,"href":"https:\/\/www.vatado.org\/index.php?rest_route=\/wp\/v2\/users\/11"}],"replies":[{"embeddable":true,"href":"https:\/\/www.vatado.org\/index.php?rest_route=%2Fwp%2Fv2%2Fcomments&post=2011"}],"version-history":[{"count":3,"href":"https:\/\/www.vatado.org\/index.php?rest_route=\/wp\/v2\/posts\/2011\/revisions"}],"predecessor-version":[{"id":2014,"href":"https:\/\/www.vatado.org\/index.php?rest_route=\/wp\/v2\/posts\/2011\/revisions\/2014"}],"wp:attachment":[{"href":"https:\/\/www.vatado.org\/index.php?rest_route=%2Fwp%2Fv2%2Fmedia&parent=2011"}],"wp:term":[{"taxonomy":"category","embeddable":true,"href":"https:\/\/www.vatado.org\/index.php?rest_route=%2Fwp%2Fv2%2Fcategories&post=2011"},{"taxonomy":"post_tag","embeddable":true,"href":"https:\/\/www.vatado.org\/index.php?rest_route=%2Fwp%2Fv2%2Ftags&post=2011"}],"curies":[{"name":"wp","href":"https:\/\/api.w.org\/{rel}","templated":true}]}}